{"id":13916,"date":"2022-12-25T14:39:57","date_gmt":"2022-12-25T20:39:57","guid":{"rendered":"https:\/\/leadmarketing.com.mx\/la-hija-de-pele-descarto-rumores-de-muerte-con-una-nueva-foto-en-ambito-com\/"},"modified":"2022-12-25T14:39:57","modified_gmt":"2022-12-25T20:39:57","slug":"peles-daughter-dismissed-death-rumors-with-a-new-photo-in-ambito-com","status":"publish","type":"post","link":"https:\/\/leadmarketing.com.mx\/en\/instagram\/peles-daughter-dismissed-death-rumors-with-a-new-photo-in-ambito-com\/","title":{"rendered":"Pel\u00e9&#039;s daughter dismissed death rumors with a new photo on \u2026 \u2013 \u00e1mbito.com"},"content":{"rendered":"<p>You have already exceeded the limit of notes you can read.<br \/>Register for free to continue reading<br \/><strong><a href=\"https:\/\/www.ambito.com\/informacion-general\/empleadas-domesticas\/bono-2022-como-anotarse-n5614127\" target=\"_blank\" rel=\"nofollow noopener\">Kelly Cristina Nascimento<\/a><\/strong>, daughter of the former Brazilian football star<strong>  <a href=\"https:\/\/www.ambito.com\/espectaculos\/wanda-nara\/reunion-cumbre-l-gante-y-rodrigo-paul-fiesta-n5614307\" target=\"_blank\" rel=\"nofollow noopener\">Pele<\/a><\/strong>, shared on Friday night a<strong> photo hugging his father<\/strong> in the hospital bed where <strong><a href=\"https:\/\/www.ambito.com\/informacion-general\/lionel-messi\/messi-habria-mandado-una-carta-documento-dalma-maradona-cual-es-el-motivo-n5614117\" target=\"_blank\" rel=\"nofollow noopener\">remains hospitalized<\/a><\/strong>, along with the message <strong>\u201cWe are still here, fighting and in faith. One more night together.\u201d<\/strong><br \/>At around 11pm local time in Sao Paulo, the countdown<strong> @iamkelynascimento on Instagram<\/strong> published the photo in which you can see <strong>Edson Arantes of Birth<\/strong>, 82, stroking her daughter&#039;s arm while <strong>She hugs him on the side of the bed.<\/strong><br \/>https:\/\/www.instagram.com\/p\/CmiHodQtnYb\/?hl=es<br \/>On Wednesday, <strong>Albert Einstein Hospital<\/strong>, where the former footballer<strong> He has been hospitalized for three weeks<\/strong>, reported that Pel\u00e9 presented a <strong>\u201cprogression\u201d of colon cancer <\/strong>that faces and receives <strong>care for \u201ckidney and heart dysfunctions.\u201d<\/strong><br \/>That same day, the daughters of &#039;O Rei&#039;, three-time world champion with Brazil (1958, 1962 and 1970), said he would not be returning home for Christmas.<br \/><strong>\u201cOur Christmas at home was put on hold. We decided together with the doctors that for various reasons it would be better for us to stay here, with all the care that this new family [at Albert] Einstein Hospital gives us.\u201d<\/strong>, wrote Kely Nascimento on Instagram, along with a selfie taken with her sister Flavia Arantes Nascimento in the hospital.<br \/>https:\/\/www.instagram.com\/p\/CmcPP-0JIYC\/?hl=es<br \/>Pel\u00e9 was admitted on November 29 for a re-evaluation of his<strong> chemotherapy treatment for colon cancer<\/strong> detected in September last year, and to treat a respiratory infection resulting from a <strong>recent Covid-19 infection<\/strong>, according to doctors and his family.<br \/> The content you want to access is exclusive for subscribers.<br \/> Topics             <br \/>Leave your comment<br \/>You may be interested<br \/>  <a href=\"https:\/\/www.ambito.com\/deportes\/lionel-messi\/la-fiesta-messi-iniesta-y-pique-visitaran-al-campeon-rosario-n5614051\" target=\"\" rel=\"nofollow noopener\">The Argentine star will celebrate after winning the World Cup in Qatar. Uruguayan Luis Su\u00e1rez was already confirmed and now the Spaniards will join him. <\/a><br \/>  <a href=\"https:\/\/www.ambito.com\/informacion-general\/hospitales\/nochebuena-y-navidad-como-funcionaran-los-ciudad-n5614422\" target=\"\" rel=\"nofollow noopener\">The Buenos Aires government announced the schedule of public services for this Saturday and Sunday. Find out how hospital activity will develop. <\/a><br \/> What is being read now                         <br \/>Most Read<\/p>\n<p><strong> <a href=\"https:\/\/publicidad.ambito.com\/mediakit\/MEDIA KIT AMBITO.pdf\" target=\"_blank\" rel=\"follow noopener\">MEDIAKIT \u2013 DIGITAL<\/a><\/strong><br \/><strong> <a href=\"https:\/\/publicidad.ambito.com\/mediakit\/ambito\/tarifario\/AD Agenda.pdf\" target=\"_blank\" rel=\"follow noopener\">MEDIAKIT \u2013 DEBATE AREA<\/a><\/strong><br \/><strong> <a href=\"https:\/\/publicidad.ambito.com\/mediakit\/ambito\/tarifario\/mediakit ambito 202202.pdf\" target=\"_blank\" rel=\"follow noopener\">MEDIAKIT \u2013 \u00c1MBITO FINANCIAL PAPER DAILY<\/a>&nbsp;<\/strong><br \/><strong> <a href=\"https:\/\/publicidad.ambito.com\/mediakit\/ambito\/tarifario\/TARIFARIO AMBITO FINANCIERO JULIO 2022.pdf\" target=\"_blank\" rel=\"follow noopener\">RATES \u2013 \u00c1MBITO FINANCIERO PAPER DAILY<\/a>&nbsp;<\/strong><br \/><strong> Drafting: <\/strong>redaccionweb@ambito.com.ar<br \/><strong>Subscriptions<\/strong>: <a href=\"mailto:suscripciones@ambito.com.ar\" target=\"_blank\" rel=\"noopener\">subscriptions@ambito.com.ar<\/a> \/\/&nbsp; <strong>+54 9 11 4556-9147\/48<\/strong> either <strong>+54 9 11 4449-3256<\/strong>&nbsp;<br \/>Director: Juli\u00e1n Guarino \u2013 Copyright \u00a9 2019 \u00c1mbito.com \u2013 RNPI In process \u2013 Issn 1852 9232 All rights reserved \u2013 Terms and conditions of use<\/p>\n<p><a href=\"https:\/\/news.google.com\/__i\/rss\/rd\/articles\/CBMiZmh0dHBzOi8vd3d3LmFtYml0by5jb20vZGVwb3J0ZXMvcGVsZS9sYS1oaWphLWRlc2NhcnRvLXJ1bW9yZXMtbXVlcnRlLXVuYS1udWV2YS1mb3RvLWluc3RhZ3JhbS1uNTYxNDcwONIBAA?oc=5\">source<\/a><\/p>","protected":false},"excerpt":{"rendered":"<p>Ya superaste el l\u00edmite de notas le\u00eddas.Registrate gratis para seguir leyendoKely Cristina Nascimento, hija del exastro brasile\u00f1o del f\u00fatbol Pel\u00e9, comparti\u00f3 en la noche de este viernes una foto abrazando a su padre en la cama del hospital donde permanece internado, junto al mensaje &#8220;Seguimos aqu\u00ed, en la lucha y en la fe. Una noche m\u00e1s juntos&#8221;.Hacia las 23 hora local de Sao Paulo, la cuenta @iamkelynascimento en Instagram public\u00f3 la foto en la que se ve a Edson Arantes [&hellip;]<\/p>","protected":false},"author":1,"featured_media":13917,"comment_status":"open","ping_status":"open","sticky":false,"template":"","format":"standard","meta":{"_jetpack_memberships_contains_paid_content":false,"footnotes":""},"categories":[23],"tags":[],"class_list":["post-13916","post","type-post","status-publish","format-standard","has-post-thumbnail","hentry","category-instagram"],"yoast_head":"<!-- This site is optimized with the Yoast SEO Premium plugin v20.4 (Yoast SEO v20.9) - https:\/\/yoast.com\/wordpress\/plugins\/seo\/ -->\n<title>La hija de Pel\u00e9 descart\u00f3 rumores de muerte con una nueva foto en ... - \u00e1mbito.com<\/title>\n<meta name=\"robots\" content=\"index, follow, max-snippet:-1, max-image-preview:large, max-video-preview:-1\" \/>\n<link rel=\"canonical\" href=\"https:\/\/leadmarketing.com.mx\/en\/instagram\/peles-daughter-dismissed-death-rumors-with-a-new-photo-in-ambito-com\/\" \/>\n<meta property=\"og:locale\" content=\"en_US\" \/>\n<meta property=\"og:type\" content=\"article\" \/>\n<meta property=\"og:title\" content=\"La hija de Pel\u00e9 descart\u00f3 rumores de muerte con una nueva foto en ... - \u00e1mbito.com\" \/>\n<meta property=\"og:description\" content=\"Ya superaste el l\u00edmite de notas le\u00eddas.Registrate gratis para seguir leyendoKely Cristina Nascimento, hija del exastro brasile\u00f1o del f\u00fatbol Pel\u00e9, comparti\u00f3 en la noche de este viernes una foto abrazando a su padre en la cama del hospital donde permanece internado, junto al mensaje &#8220;Seguimos aqu\u00ed, en la lucha y en la fe. Una noche m\u00e1s juntos&#8221;.Hacia las 23 hora local de Sao Paulo, la cuenta @iamkelynascimento en Instagram public\u00f3 la foto en la que se ve a Edson Arantes [&hellip;]\" \/>\n<meta property=\"og:url\" content=\"https:\/\/leadmarketing.com.mx\/en\/instagram\/peles-daughter-dismissed-death-rumors-with-a-new-photo-in-ambito-com\/\" \/>\n<meta property=\"og:site_name\" content=\"Lead Marketing agencia publicidad\" \/>\n<meta property=\"article:publisher\" content=\"https:\/\/www.facebook.com\/LeadMarketingMx\/\" \/>\n<meta property=\"article:author\" content=\"hector.mtz92\" \/>\n<meta property=\"article:published_time\" content=\"2022-12-25T20:39:57+00:00\" \/>\n<meta property=\"og:image\" content=\"https:\/\/leadmarketing.com.mx\/wp-content\/uploads\/wp-header-logo-4595.png\" \/>\n\t<meta property=\"og:image:width\" content=\"1200\" \/>\n\t<meta property=\"og:image:height\" content=\"675\" \/>\n\t<meta property=\"og:image:type\" content=\"image\/png\" \/>\n<meta name=\"author\" content=\"Hector Obed Martinez Pinedo\" \/>\n<meta name=\"twitter:card\" content=\"summary_large_image\" \/>\n<meta name=\"twitter:label1\" content=\"Written by\" \/>\n\t<meta name=\"twitter:data1\" content=\"Hector Obed Martinez Pinedo\" \/>\n\t<meta name=\"twitter:label2\" content=\"Est. reading time\" \/>\n\t<meta name=\"twitter:data2\" content=\"2 minutes\" \/>\n<script type=\"application\/ld+json\" class=\"yoast-schema-graph\">{\"@context\":\"https:\/\/schema.org\",\"@graph\":[{\"@type\":\"Article\",\"@id\":\"https:\/\/leadmarketing.com.mx\/instagram\/la-hija-de-pele-descarto-rumores-de-muerte-con-una-nueva-foto-en-ambito-com\/#article\",\"isPartOf\":{\"@id\":\"https:\/\/leadmarketing.com.mx\/instagram\/la-hija-de-pele-descarto-rumores-de-muerte-con-una-nueva-foto-en-ambito-com\/\"},\"author\":{\"name\":\"Hector Obed Martinez Pinedo\",\"@id\":\"https:\/\/leadmarketing.com.mx\/#\/schema\/person\/5910133caabccc5a0da02dd7173594d5\"},\"headline\":\"La hija de Pel\u00e9 descart\u00f3 rumores de muerte con una nueva foto en &#8230; &#8211; \u00e1mbito.com\",\"datePublished\":\"2022-12-25T20:39:57+00:00\",\"dateModified\":\"2022-12-25T20:39:57+00:00\",\"mainEntityOfPage\":{\"@id\":\"https:\/\/leadmarketing.com.mx\/instagram\/la-hija-de-pele-descarto-rumores-de-muerte-con-una-nueva-foto-en-ambito-com\/\"},\"wordCount\":458,\"commentCount\":0,\"publisher\":{\"@id\":\"https:\/\/leadmarketing.com.mx\/#organization\"},\"articleSection\":[\"Instagram\"],\"inLanguage\":\"en-US\",\"potentialAction\":[{\"@type\":\"CommentAction\",\"name\":\"Comment\",\"target\":[\"https:\/\/leadmarketing.com.mx\/instagram\/la-hija-de-pele-descarto-rumores-de-muerte-con-una-nueva-foto-en-ambito-com\/#respond\"]}]},{\"@type\":\"WebPage\",\"@id\":\"https:\/\/leadmarketing.com.mx\/instagram\/la-hija-de-pele-descarto-rumores-de-muerte-con-una-nueva-foto-en-ambito-com\/\",\"url\":\"https:\/\/leadmarketing.com.mx\/instagram\/la-hija-de-pele-descarto-rumores-de-muerte-con-una-nueva-foto-en-ambito-com\/\",\"name\":\"La hija de Pel\u00e9 descart\u00f3 rumores de muerte con una nueva foto en ... - \u00e1mbito.com\",\"isPartOf\":{\"@id\":\"https:\/\/leadmarketing.com.mx\/#website\"},\"datePublished\":\"2022-12-25T20:39:57+00:00\",\"dateModified\":\"2022-12-25T20:39:57+00:00\",\"breadcrumb\":{\"@id\":\"https:\/\/leadmarketing.com.mx\/instagram\/la-hija-de-pele-descarto-rumores-de-muerte-con-una-nueva-foto-en-ambito-com\/#breadcrumb\"},\"inLanguage\":\"en-US\",\"potentialAction\":[{\"@type\":\"ReadAction\",\"target\":[\"https:\/\/leadmarketing.com.mx\/instagram\/la-hija-de-pele-descarto-rumores-de-muerte-con-una-nueva-foto-en-ambito-com\/\"]}]},{\"@type\":\"BreadcrumbList\",\"@id\":\"https:\/\/leadmarketing.com.mx\/instagram\/la-hija-de-pele-descarto-rumores-de-muerte-con-una-nueva-foto-en-ambito-com\/#breadcrumb\",\"itemListElement\":[{\"@type\":\"ListItem\",\"position\":1,\"name\":\"Inicio\",\"item\":\"https:\/\/leadmarketing.com.mx\/\"},{\"@type\":\"ListItem\",\"position\":2,\"name\":\"La hija de Pel\u00e9 descart\u00f3 rumores de muerte con una nueva foto en &#8230; &#8211; \u00e1mbito.com\"}]},{\"@type\":\"WebSite\",\"@id\":\"https:\/\/leadmarketing.com.mx\/#website\",\"url\":\"https:\/\/leadmarketing.com.mx\/\",\"name\":\"Lead Marketing agencia publicidad\",\"description\":\"Agencia de marketing, Noticias en mexico\",\"publisher\":{\"@id\":\"https:\/\/leadmarketing.com.mx\/#organization\"},\"potentialAction\":[{\"@type\":\"SearchAction\",\"target\":{\"@type\":\"EntryPoint\",\"urlTemplate\":\"https:\/\/leadmarketing.com.mx\/?s={search_term_string}\"},\"query-input\":\"required name=search_term_string\"}],\"inLanguage\":\"en-US\"},{\"@type\":\"Organization\",\"@id\":\"https:\/\/leadmarketing.com.mx\/#organization\",\"name\":\"Lead Marketing\",\"url\":\"https:\/\/leadmarketing.com.mx\/\",\"logo\":{\"@type\":\"ImageObject\",\"inLanguage\":\"en-US\",\"@id\":\"https:\/\/leadmarketing.com.mx\/#\/schema\/logo\/image\/\",\"url\":\"https:\/\/leadmarketing.com.mx\/wp-content\/uploads\/2019\/02\/Logo-1.png\",\"contentUrl\":\"https:\/\/leadmarketing.com.mx\/wp-content\/uploads\/2019\/02\/Logo-1.png\",\"width\":668,\"height\":373,\"caption\":\"Lead Marketing\"},\"image\":{\"@id\":\"https:\/\/leadmarketing.com.mx\/#\/schema\/logo\/image\/\"},\"sameAs\":[\"https:\/\/www.facebook.com\/LeadMarketingMx\/\",\"https:\/\/www.instagram.com\/leadmarketingmx\/\",\"https:\/\/www.linkedin.com\/leadmarketingmx\"]},{\"@type\":\"Person\",\"@id\":\"https:\/\/leadmarketing.com.mx\/#\/schema\/person\/5910133caabccc5a0da02dd7173594d5\",\"name\":\"Hector Obed Martinez Pinedo\",\"image\":{\"@type\":\"ImageObject\",\"inLanguage\":\"en-US\",\"@id\":\"https:\/\/leadmarketing.com.mx\/#\/schema\/person\/image\/\",\"url\":\"https:\/\/leadmarketing.com.mx\/wp-content\/uploads\/Leadin-leadmarketing-100x100.png\",\"contentUrl\":\"https:\/\/leadmarketing.com.mx\/wp-content\/uploads\/Leadin-leadmarketing-100x100.png\",\"caption\":\"Hector Obed Martinez Pinedo\"},\"sameAs\":[\"http:\/\/leadmarketing.com.mx\",\"hector.mtz92\"],\"url\":\"https:\/\/leadmarketing.com.mx\/en\/author\/hector\/\"}]}<\/script>\n<!-- \/ Yoast SEO Premium plugin. -->","yoast_head_json":{"title":"La hija de Pel\u00e9 descart\u00f3 rumores de muerte con una nueva foto en ... - \u00e1mbito.com","robots":{"index":"index","follow":"follow","max-snippet":"max-snippet:-1","max-image-preview":"max-image-preview:large","max-video-preview":"max-video-preview:-1"},"canonical":"https:\/\/leadmarketing.com.mx\/en\/instagram\/peles-daughter-dismissed-death-rumors-with-a-new-photo-in-ambito-com\/","og_locale":"en_US","og_type":"article","og_title":"La hija de Pel\u00e9 descart\u00f3 rumores de muerte con una nueva foto en ... - \u00e1mbito.com","og_description":"Ya superaste el l\u00edmite de notas le\u00eddas.Registrate gratis para seguir leyendoKely Cristina Nascimento, hija del exastro brasile\u00f1o del f\u00fatbol Pel\u00e9, comparti\u00f3 en la noche de este viernes una foto abrazando a su padre en la cama del hospital donde permanece internado, junto al mensaje &#8220;Seguimos aqu\u00ed, en la lucha y en la fe. Una noche m\u00e1s juntos&#8221;.Hacia las 23 hora local de Sao Paulo, la cuenta @iamkelynascimento en Instagram public\u00f3 la foto en la que se ve a Edson Arantes [&hellip;]","og_url":"https:\/\/leadmarketing.com.mx\/en\/instagram\/peles-daughter-dismissed-death-rumors-with-a-new-photo-in-ambito-com\/","og_site_name":"Lead Marketing agencia publicidad","article_publisher":"https:\/\/www.facebook.com\/LeadMarketingMx\/","article_author":"hector.mtz92","article_published_time":"2022-12-25T20:39:57+00:00","og_image":[{"width":1200,"height":675,"url":"https:\/\/leadmarketing.com.mx\/wp-content\/uploads\/wp-header-logo-4595.png","type":"image\/png"}],"author":"Hector Obed Martinez Pinedo","twitter_card":"summary_large_image","twitter_misc":{"Written by":"Hector Obed Martinez Pinedo","Est. reading time":"2 minutes"},"schema":{"@context":"https:\/\/schema.org","@graph":[{"@type":"Article","@id":"https:\/\/leadmarketing.com.mx\/instagram\/la-hija-de-pele-descarto-rumores-de-muerte-con-una-nueva-foto-en-ambito-com\/#article","isPartOf":{"@id":"https:\/\/leadmarketing.com.mx\/instagram\/la-hija-de-pele-descarto-rumores-de-muerte-con-una-nueva-foto-en-ambito-com\/"},"author":{"name":"Hector Obed Martinez Pinedo","@id":"https:\/\/leadmarketing.com.mx\/#\/schema\/person\/5910133caabccc5a0da02dd7173594d5"},"headline":"La hija de Pel\u00e9 descart\u00f3 rumores de muerte con una nueva foto en &#8230; &#8211; \u00e1mbito.com","datePublished":"2022-12-25T20:39:57+00:00","dateModified":"2022-12-25T20:39:57+00:00","mainEntityOfPage":{"@id":"https:\/\/leadmarketing.com.mx\/instagram\/la-hija-de-pele-descarto-rumores-de-muerte-con-una-nueva-foto-en-ambito-com\/"},"wordCount":458,"commentCount":0,"publisher":{"@id":"https:\/\/leadmarketing.com.mx\/#organization"},"articleSection":["Instagram"],"inLanguage":"en-US","potentialAction":[{"@type":"CommentAction","name":"Comment","target":["https:\/\/leadmarketing.com.mx\/instagram\/la-hija-de-pele-descarto-rumores-de-muerte-con-una-nueva-foto-en-ambito-com\/#respond"]}]},{"@type":"WebPage","@id":"https:\/\/leadmarketing.com.mx\/instagram\/la-hija-de-pele-descarto-rumores-de-muerte-con-una-nueva-foto-en-ambito-com\/","url":"https:\/\/leadmarketing.com.mx\/instagram\/la-hija-de-pele-descarto-rumores-de-muerte-con-una-nueva-foto-en-ambito-com\/","name":"La hija de Pel\u00e9 descart\u00f3 rumores de muerte con una nueva foto en ... - \u00e1mbito.com","isPartOf":{"@id":"https:\/\/leadmarketing.com.mx\/#website"},"datePublished":"2022-12-25T20:39:57+00:00","dateModified":"2022-12-25T20:39:57+00:00","breadcrumb":{"@id":"https:\/\/leadmarketing.com.mx\/instagram\/la-hija-de-pele-descarto-rumores-de-muerte-con-una-nueva-foto-en-ambito-com\/#breadcrumb"},"inLanguage":"en-US","potentialAction":[{"@type":"ReadAction","target":["https:\/\/leadmarketing.com.mx\/instagram\/la-hija-de-pele-descarto-rumores-de-muerte-con-una-nueva-foto-en-ambito-com\/"]}]},{"@type":"BreadcrumbList","@id":"https:\/\/leadmarketing.com.mx\/instagram\/la-hija-de-pele-descarto-rumores-de-muerte-con-una-nueva-foto-en-ambito-com\/#breadcrumb","itemListElement":[{"@type":"ListItem","position":1,"name":"Inicio","item":"https:\/\/leadmarketing.com.mx\/"},{"@type":"ListItem","position":2,"name":"La hija de Pel\u00e9 descart\u00f3 rumores de muerte con una nueva foto en &#8230; &#8211; \u00e1mbito.com"}]},{"@type":"WebSite","@id":"https:\/\/leadmarketing.com.mx\/#website","url":"https:\/\/leadmarketing.com.mx\/","name":"Lead Marketing agencia publicidad","description":"Agencia de marketing, Noticias en mexico","publisher":{"@id":"https:\/\/leadmarketing.com.mx\/#organization"},"potentialAction":[{"@type":"SearchAction","target":{"@type":"EntryPoint","urlTemplate":"https:\/\/leadmarketing.com.mx\/?s={search_term_string}"},"query-input":"required name=search_term_string"}],"inLanguage":"en-US"},{"@type":"Organization","@id":"https:\/\/leadmarketing.com.mx\/#organization","name":"Lead Marketing","url":"https:\/\/leadmarketing.com.mx\/","logo":{"@type":"ImageObject","inLanguage":"en-US","@id":"https:\/\/leadmarketing.com.mx\/#\/schema\/logo\/image\/","url":"https:\/\/leadmarketing.com.mx\/wp-content\/uploads\/2019\/02\/Logo-1.png","contentUrl":"https:\/\/leadmarketing.com.mx\/wp-content\/uploads\/2019\/02\/Logo-1.png","width":668,"height":373,"caption":"Lead Marketing"},"image":{"@id":"https:\/\/leadmarketing.com.mx\/#\/schema\/logo\/image\/"},"sameAs":["https:\/\/www.facebook.com\/LeadMarketingMx\/","https:\/\/www.instagram.com\/leadmarketingmx\/","https:\/\/www.linkedin.com\/leadmarketingmx"]},{"@type":"Person","@id":"https:\/\/leadmarketing.com.mx\/#\/schema\/person\/5910133caabccc5a0da02dd7173594d5","name":"Hector Obed Martinez Pinedo","image":{"@type":"ImageObject","inLanguage":"en-US","@id":"https:\/\/leadmarketing.com.mx\/#\/schema\/person\/image\/","url":"https:\/\/leadmarketing.com.mx\/wp-content\/uploads\/Leadin-leadmarketing-100x100.png","contentUrl":"https:\/\/leadmarketing.com.mx\/wp-content\/uploads\/Leadin-leadmarketing-100x100.png","caption":"Hector Obed Martinez Pinedo"},"sameAs":["http:\/\/leadmarketing.com.mx","hector.mtz92"],"url":"https:\/\/leadmarketing.com.mx\/en\/author\/hector\/"}]}},"jetpack_featured_media_url":"https:\/\/leadmarketing.com.mx\/wp-content\/uploads\/wp-header-logo-4595.png","jetpack_sharing_enabled":true,"_links":{"self":[{"href":"https:\/\/leadmarketing.com.mx\/en\/wp-json\/wp\/v2\/posts\/13916","targetHints":{"allow":["GET"]}}],"collection":[{"href":"https:\/\/leadmarketing.com.mx\/en\/wp-json\/wp\/v2\/posts"}],"about":[{"href":"https:\/\/leadmarketing.com.mx\/en\/wp-json\/wp\/v2\/types\/post"}],"author":[{"embeddable":true,"href":"https:\/\/leadmarketing.com.mx\/en\/wp-json\/wp\/v2\/users\/1"}],"replies":[{"embeddable":true,"href":"https:\/\/leadmarketing.com.mx\/en\/wp-json\/wp\/v2\/comments?post=13916"}],"version-history":[{"count":0,"href":"https:\/\/leadmarketing.com.mx\/en\/wp-json\/wp\/v2\/posts\/13916\/revisions"}],"wp:featuredmedia":[{"embeddable":true,"href":"https:\/\/leadmarketing.com.mx\/en\/wp-json\/wp\/v2\/media\/13917"}],"wp:attachment":[{"href":"https:\/\/leadmarketing.com.mx\/en\/wp-json\/wp\/v2\/media?parent=13916"}],"wp:term":[{"taxonomy":"category","embeddable":true,"href":"https:\/\/leadmarketing.com.mx\/en\/wp-json\/wp\/v2\/categories?post=13916"},{"taxonomy":"post_tag","embeddable":true,"href":"https:\/\/leadmarketing.com.mx\/en\/wp-json\/wp\/v2\/tags?post=13916"}],"curies":[{"name":"wp","href":"https:\/\/api.w.org\/{rel}","templated":true}]}}